{"id":636,"date":"2020-12-10T16:17:44","date_gmt":"2020-12-10T21:17:44","guid":{"rendered":"http:\/\/www.crtmdelpacifico.org\/cvac\/?p=636"},"modified":"2020-12-11T15:52:00","modified_gmt":"2020-12-11T20:52:00","slug":"entidades-socias-y-asociadas-al-cluster-aeroespacial-del-valle-del-cauca-reafirman-su-participacion-y-compromiso-con-el-cvac","status":"publish","type":"post","link":"https:\/\/www.crtmdelpacifico.org\/cvac\/entidades-socias-y-asociadas-al-cluster-aeroespacial-del-valle-del-cauca-reafirman-su-participacion-y-compromiso-con-el-cvac\/","title":{"rendered":"ENTIDADES SOCIAS Y ASOCIADAS AL CL\u00daSTER AEROESPACIAL DEL VALLE DEL CAUCA REAFIRMAN SU PARTICIPACI\u00d3N Y COMPROMISO CON EL CVAC"},"content":{"rendered":"\n<p>El pasado 12 de noviembre en el Hemiciclo de la Universidad Santiago de Cali los empresarios y entidades de la regi\u00f3n reafirmaron su participaci\u00f3n en el cl\u00faster y el desarrollo tecnol\u00f3gico del sector y la regi\u00f3n, acompa\u00f1ando el proyecto del sistema general de regal\u00edas y apoyando la creaci\u00f3n de la mesa de drones, que se liderar\u00e1 desde la USC, con el acompa\u00f1amiento del doctor Giovanni Upegui, experto en el sector aeron\u00e1utico, que acompa\u00f1a varias iniciativas en la regi\u00f3n.<\/p>\n\n\n\n<div class=\"wp-block-image\"><figure class=\"aligncenter size-large is-resized\"><img loading=\"lazy\" decoding=\"async\" src=\"http:\/\/www.crtmdelpacifico.org\/cvac\/wp-content\/uploads\/2020\/12\/reafirma2.jpg\" alt=\"\" class=\"wp-image-639\" width=\"252\" height=\"340\" srcset=\"https:\/\/www.crtmdelpacifico.org\/cvac\/wp-content\/uploads\/2020\/12\/reafirma2.jpg 294w, https:\/\/www.crtmdelpacifico.org\/cvac\/wp-content\/uploads\/2020\/12\/reafirma2-222x300.jpg 222w\" sizes=\"auto, (max-width: 252px) 100vw, 252px\" \/><\/figure><\/div>\n\n\n\n<p>Es importante resaltar que la USC ha realizado grandes inversiones en tecnolog\u00eda y es la primera universidad en el Valle del Cauca que cuenta con una especializaci\u00f3n en el manejo y aplicaci\u00f3n de Drones. Desde ya se auguran grandes desarrollos en el sector como resultado del trabajo conjunto entre academia y sector productivo, como lo expreso el rector de la Universidad Santiago de Cali.<\/p>\n\n\n\n<div class=\"wp-block-image\"><figure class=\"aligncenter size-large is-resized\"><img loading=\"lazy\" decoding=\"async\" src=\"http:\/\/www.crtmdelpacifico.org\/cvac\/wp-content\/uploads\/2020\/12\/reafirma3.jpg\" alt=\"\" class=\"wp-image-640\" width=\"381\" height=\"349\" srcset=\"https:\/\/www.crtmdelpacifico.org\/cvac\/wp-content\/uploads\/2020\/12\/reafirma3.jpg 432w, https:\/\/www.crtmdelpacifico.org\/cvac\/wp-content\/uploads\/2020\/12\/reafirma3-300x275.jpg 300w\" sizes=\"auto, (max-width: 381px) 100vw, 381px\" \/><\/figure><\/div>\n","protected":false},"excerpt":{"rendered":"<p>El pasado 12 de noviembre en el Hemiciclo de la Universidad Santiago de Cali los empresarios y entidades de la regi\u00f3n reafirmaron su participaci\u00f3n en el cl\u00faster y el desarrollo tecnol\u00f3gico del sector y la regi\u00f3n, acompa\u00f1ando el proyecto del sistema general de regal\u00edas y apoyando la creaci\u00f3n de la mesa de drones, que se liderar\u00e1 desde la USC, con el acompa\u00f1amiento del doctor Giovanni Upegui, experto en el sector aeron\u00e1utico, que acompa\u00f1a varias iniciativas en la regi\u00f3n.<\/p>\n<p><img loading=\"lazy\" decoding=\"async\" [...]\n<\/p>\n","protected":false},"author":1,"featured_media":0,"comment_status":"open","ping_status":"open","sticky":false,"template":"","format":"standard","meta":{"footnotes":""},"categories":[1],"tags":[],"class_list":["post-636","post","type-post","status-publish","format-standard","hentry","category-sin-categoria"],"_links":{"self":[{"href":"https:\/\/www.crtmdelpacifico.org\/cvac\/wp-json\/wp\/v2\/posts\/636","targetHints":{"allow":["GET"]}}],"collection":[{"href":"https:\/\/www.crtmdelpacifico.org\/cvac\/wp-json\/wp\/v2\/posts"}],"about":[{"href":"https:\/\/www.crtmdelpacifico.org\/cvac\/wp-json\/wp\/v2\/types\/post"}],"author":[{"embeddable":true,"href":"https:\/\/www.crtmdelpacifico.org\/cvac\/wp-json\/wp\/v2\/users\/1"}],"replies":[{"embeddable":true,"href":"https:\/\/www.crtmdelpacifico.org\/cvac\/wp-json\/wp\/v2\/comments?post=636"}],"version-history":[{"count":8,"href":"https:\/\/www.crtmdelpacifico.org\/cvac\/wp-json\/wp\/v2\/posts\/636\/revisions"}],"predecessor-version":[{"id":651,"href":"https:\/\/www.crtmdelpacifico.org\/cvac\/wp-json\/wp\/v2\/posts\/636\/revisions\/651"}],"wp:attachment":[{"href":"https:\/\/www.crtmdelpacifico.org\/cvac\/wp-json\/wp\/v2\/media?parent=636"}],"wp:term":[{"taxonomy":"category","embeddable":true,"href":"https:\/\/www.crtmdelpacifico.org\/cvac\/wp-json\/wp\/v2\/categories?post=636"},{"taxonomy":"post_tag","embeddable":true,"href":"https:\/\/www.crtmdelpacifico.org\/cvac\/wp-json\/wp\/v2\/tags?post=636"}],"curies":[{"name":"wp","href":"https:\/\/api.w.org\/{rel}","templated":true}]}}