{"id":633,"date":"2020-12-10T15:20:00","date_gmt":"2020-12-10T20:20:00","guid":{"rendered":"http:\/\/www.crtmdelpacifico.org\/cvac\/?p=633"},"modified":"2020-12-10T15:20:00","modified_gmt":"2020-12-10T20:20:00","slug":"se-firma-el-acuerdo-marco-de-cooperacion-entre-la-universidad-santiago-de-cali-y-el-cluster-aeroespacial-del-valle-del-cauca-cvac","status":"publish","type":"post","link":"https:\/\/www.crtmdelpacifico.org\/cvac\/se-firma-el-acuerdo-marco-de-cooperacion-entre-la-universidad-santiago-de-cali-y-el-cluster-aeroespacial-del-valle-del-cauca-cvac\/","title":{"rendered":"SE FIRMA EL ACUERDO MARCO DE COOPERACION ENTRE LA UNIVERSIDAD SANTIAGO DE CALI Y EL CL\u00daSTER AEROESPACIAL DEL VALLE DEL CAUCA &#8211; CVAC"},"content":{"rendered":"\n<p>Este importante acuerdo se firm\u00f3 entre el rector de la Universidad Santiago de Cali el Doctor Carlos Andr\u00e9s P\u00e9rez Galindo y el director del CRTM del Pacifico el Ingeniero Carlos Enrique R\u00edos.<\/p>\n\n\n\n<div class=\"wp-block-image\"><figure class=\"aligncenter size-large is-resized\"><img loading=\"lazy\" decoding=\"async\" src=\"http:\/\/www.crtmdelpacifico.org\/cvac\/wp-content\/uploads\/2020\/12\/09add49a-974a-4767-b8ad-ce108999fbb7.jpg\" alt=\"\" class=\"wp-image-634\" width=\"472\" height=\"232\" srcset=\"https:\/\/www.crtmdelpacifico.org\/cvac\/wp-content\/uploads\/2020\/12\/09add49a-974a-4767-b8ad-ce108999fbb7.jpg 437w, https:\/\/www.crtmdelpacifico.org\/cvac\/wp-content\/uploads\/2020\/12\/09add49a-974a-4767-b8ad-ce108999fbb7-300x148.jpg 300w\" sizes=\"auto, (max-width: 472px) 100vw, 472px\" \/><\/figure><\/div>\n\n\n\n<p>El pasado jueves 12 de noviembre se dio un nuevo paso de gran importancia para la consolidaci\u00f3n del Cl\u00faster Aeroespacial del valle del Cauca, con la firma del acuerdo de cooperaci\u00f3n entre la Universidad Santiago de Cali y el CRTM del Pacifico, como representante legal del CVAC para el desarrollo del sector en la regi\u00f3n, las dos organizaciones iniciaran actividades conjuntas para desarrollar proyectos y estrategias que apalanquen el desarrollo del sector Aeroespacial en el valle del Cauca. Una de ellas es la conformaci\u00f3n de la Mesa de Trabajo encargada de los Drones al interior del CVAC.<\/p>\n\n\n\n<p>Las personas y entidades que asistieron a esta reuni\u00f3n fueron; Javier Ferney Castillo (Universidad Santiago de Cali), German Jaramillo (Fundaci\u00f3n Universidad del Valle), Alexander Ordo\u00f1ez (Fundaci\u00f3n Universidad del Valle), Karen V. Moreno Diuza (Fundaci\u00f3n Universidad del Valle), Milton Viafara Paz (Fundaci\u00f3n Universidad del Valle), Carlos Andr\u00e9s Vallejo (Academia de Aviaci\u00f3n Internacional), Sandra Galeano (Academia de Aviaci\u00f3n Internacional), Esmeralda Molina (Aerodinos), Juli\u00e1n Castillo (Industrias met\u00e1licas Castillo), Adriana Gonzales (MVM), Aura Elvira Narv\u00e1ez (SENA regional Valle), Freddy Morcill|o (EPI Cali s.a.s), Juan C. Medina T. (Tecnox), Rosalba Londo\u00f1o Duque (Grupo loni), Mar\u00eda Clemencia Ballesteros (Secret dllo econo del Valle del Cauca), Harold Velasquez (Alcald\u00eda de Palmira), Martha Gualteros (Alcald\u00eda de Palmira), Giovanny Upegui (Universidad Santiago de Cali), Carlos Enrique R\u00edos (CRTM del Pacifico), Julieth Valderrama (CRTM del Pacifico).<\/p>\n","protected":false},"excerpt":{"rendered":"<p>Este importante acuerdo se firm\u00f3 entre el rector de la Universidad Santiago de Cali el Doctor Carlos Andr\u00e9s P\u00e9rez Galindo y el director del CRTM del Pacifico el Ingeniero Carlos Enrique R\u00edos.<\/p>\n<p><img loading=\"lazy\" decoding=\"async\" src=\"http:\/\/www.crtmdelpacifico.org\/cvac\/wp-content\/uploads\/2020\/12\/09add49a-974a-4767-b8ad-ce108999fbb7.jpg\" alt=\"\" class=\"wp-image-634\" width=\"472\" height=\"232\" srcset=\"https:\/\/www.crtmdelpacifico.org\/cvac\/wp-content\/uploads\/2020\/12\/09add49a-974a-4767-b8ad-ce108999fbb7.jpg 437w, https:\/\/www.crtmdelpacifico.org\/cvac\/wp-content\/uploads\/2020\/12\/09add49a-974a-4767-b8ad-ce108999fbb7-300x148.jpg 300w\" sizes=\"auto, (max-width: 472px) 100vw, 472px\" \/><\/p>\n<p>El pasado jueves 12 de noviembre se dio un nuevo paso de gran importancia para la consolidaci\u00f3n del Cl\u00faster Aeroespacial del valle del Cauca, con la firma del acuerdo de cooperaci\u00f3n entre [&#8230;]<\/p>\n","protected":false},"author":1,"featured_media":0,"comment_status":"open","ping_status":"open","sticky":false,"template":"","format":"standard","meta":{"footnotes":""},"categories":[1],"tags":[],"class_list":["post-633","post","type-post","status-publish","format-standard","hentry","category-sin-categoria"],"_links":{"self":[{"href":"https:\/\/www.crtmdelpacifico.org\/cvac\/wp-json\/wp\/v2\/posts\/633","targetHints":{"allow":["GET"]}}],"collection":[{"href":"https:\/\/www.crtmdelpacifico.org\/cvac\/wp-json\/wp\/v2\/posts"}],"about":[{"href":"https:\/\/www.crtmdelpacifico.org\/cvac\/wp-json\/wp\/v2\/types\/post"}],"author":[{"embeddable":true,"href":"https:\/\/www.crtmdelpacifico.org\/cvac\/wp-json\/wp\/v2\/users\/1"}],"replies":[{"embeddable":true,"href":"https:\/\/www.crtmdelpacifico.org\/cvac\/wp-json\/wp\/v2\/comments?post=633"}],"version-history":[{"count":1,"href":"https:\/\/www.crtmdelpacifico.org\/cvac\/wp-json\/wp\/v2\/posts\/633\/revisions"}],"predecessor-version":[{"id":635,"href":"https:\/\/www.crtmdelpacifico.org\/cvac\/wp-json\/wp\/v2\/posts\/633\/revisions\/635"}],"wp:attachment":[{"href":"https:\/\/www.crtmdelpacifico.org\/cvac\/wp-json\/wp\/v2\/media?parent=633"}],"wp:term":[{"taxonomy":"category","embeddable":true,"href":"https:\/\/www.crtmdelpacifico.org\/cvac\/wp-json\/wp\/v2\/categories?post=633"},{"taxonomy":"post_tag","embeddable":true,"href":"https:\/\/www.crtmdelpacifico.org\/cvac\/wp-json\/wp\/v2\/tags?post=633"}],"curies":[{"name":"wp","href":"https:\/\/api.w.org\/{rel}","templated":true}]}}