{"id":628,"date":"2020-12-10T15:02:20","date_gmt":"2020-12-10T20:02:20","guid":{"rendered":"http:\/\/www.crtmdelpacifico.org\/cvac\/?p=628"},"modified":"2020-12-10T15:09:23","modified_gmt":"2020-12-10T20:09:23","slug":"socializacion-adoa-y-diseno-de-la-aeronave","status":"publish","type":"post","link":"https:\/\/www.crtmdelpacifico.org\/cvac\/socializacion-adoa-y-diseno-de-la-aeronave\/","title":{"rendered":"SOCIALIZACION ADOA Y DISE\u00d1O DE LA AERONAVE"},"content":{"rendered":"\n<p class=\"has-text-align-left\">Importante avance en el desarrollo del proyecto y del sector Aeron\u00e1utico del valle del Cauca, en donde por primera vez se integran el Estado, la Academia y las Empresas para adelantar un proyecto de este nivel de complejidad tecnol\u00f3gica en el sector aeron\u00e1utico.<\/p>\n\n\n\n<div class=\"wp-block-image\"><figure class=\"aligncenter size-large is-resized\"><img loading=\"lazy\" decoding=\"async\" src=\"http:\/\/www.crtmdelpacifico.org\/cvac\/wp-content\/uploads\/2020\/12\/IMG_2976.jpg\" alt=\"\" class=\"wp-image-629\" width=\"413\" height=\"310\" srcset=\"https:\/\/www.crtmdelpacifico.org\/cvac\/wp-content\/uploads\/2020\/12\/IMG_2976.jpg 640w, https:\/\/www.crtmdelpacifico.org\/cvac\/wp-content\/uploads\/2020\/12\/IMG_2976-300x225.jpg 300w\" sizes=\"auto, (max-width: 413px) 100vw, 413px\" \/><\/figure><\/div>\n\n\n\n<p>El pasado mes de octubre se realiz\u00f3 la socializaci\u00f3n de la ADOA y el Dise\u00f1o del Prototipo de la Aeronave, que hace parte del proyecto que se adelanta en la regi\u00f3n con recursos del sistema general de regal\u00edas del Valle del Cauca, con el apoyo de la gobernaci\u00f3n del valle del Cauca, la fundaci\u00f3n universidad del valle y la academia internacional de aviaci\u00f3n. &nbsp;La socializaci\u00f3n que tuvo lugar los d\u00edas 21, 23, 27 y 29 en el sal\u00f3n CRTMDP con el apoyo del SENA regional Valle del Cauca, se revisaron los dise\u00f1os finales, de las partes y componentes de la aeronave, tales como cabina, cuerpo, alas y empenaje, los asistentes fueron los ingenieros y gerentes las empresas que conforman el CVAC, empresas del sector metalmec\u00e1nico que hacen parte del proyecto.<\/p>\n\n\n\n<div class=\"wp-block-image\"><figure class=\"aligncenter size-large is-resized\"><img loading=\"lazy\" decoding=\"async\" src=\"http:\/\/www.crtmdelpacifico.org\/cvac\/wp-content\/uploads\/2020\/12\/3c37f784-6fc0-471d-bec9-28d9a829b374-1024x768.jpg\" alt=\"\" class=\"wp-image-630\" width=\"380\" height=\"285\" srcset=\"https:\/\/www.crtmdelpacifico.org\/cvac\/wp-content\/uploads\/2020\/12\/3c37f784-6fc0-471d-bec9-28d9a829b374-1024x768.jpg 1024w, https:\/\/www.crtmdelpacifico.org\/cvac\/wp-content\/uploads\/2020\/12\/3c37f784-6fc0-471d-bec9-28d9a829b374-300x225.jpg 300w, https:\/\/www.crtmdelpacifico.org\/cvac\/wp-content\/uploads\/2020\/12\/3c37f784-6fc0-471d-bec9-28d9a829b374-768x576.jpg 768w, https:\/\/www.crtmdelpacifico.org\/cvac\/wp-content\/uploads\/2020\/12\/3c37f784-6fc0-471d-bec9-28d9a829b374.jpg 1040w\" sizes=\"auto, (max-width: 380px) 100vw, 380px\" \/><\/figure><\/div>\n","protected":false},"excerpt":{"rendered":"<p>Importante avance en el desarrollo del proyecto y del sector Aeron\u00e1utico del valle del Cauca, en donde por primera vez se integran el Estado, la Academia y las Empresas para adelantar un proyecto de este nivel de complejidad tecnol\u00f3gica en el sector aeron\u00e1utico.<\/p>\n<p><img loading=\"lazy\" decoding=\"async\" src=\"http:\/\/www.crtmdelpacifico.org\/cvac\/wp-content\/uploads\/2020\/12\/IMG_2976.jpg\" alt=\"\" class=\"wp-image-629\" width=\"413\" height=\"310\" srcset=\"https:\/\/www.crtmdelpacifico.org\/cvac\/wp-content\/uploads\/2020\/12\/IMG_2976.jpg 640w, https:\/\/www.crtmdelpacifico.org\/cvac\/wp-content\/uploads\/2020\/12\/IMG_2976-300x225.jpg 300w\" sizes=\"auto, (max-width: 413px) 100vw, 413px\" \/><\/p>\n<p>El pasado mes de octubre se realiz\u00f3 la socializaci\u00f3n de la ADOA y el Dise\u00f1o del Prototipo de la Aeronave, que [&#8230;]<\/p>\n","protected":false},"author":1,"featured_media":0,"comment_status":"open","ping_status":"open","sticky":false,"template":"","format":"standard","meta":{"footnotes":""},"categories":[1],"tags":[],"class_list":["post-628","post","type-post","status-publish","format-standard","hentry","category-sin-categoria"],"_links":{"self":[{"href":"https:\/\/www.crtmdelpacifico.org\/cvac\/wp-json\/wp\/v2\/posts\/628","targetHints":{"allow":["GET"]}}],"collection":[{"href":"https:\/\/www.crtmdelpacifico.org\/cvac\/wp-json\/wp\/v2\/posts"}],"about":[{"href":"https:\/\/www.crtmdelpacifico.org\/cvac\/wp-json\/wp\/v2\/types\/post"}],"author":[{"embeddable":true,"href":"https:\/\/www.crtmdelpacifico.org\/cvac\/wp-json\/wp\/v2\/users\/1"}],"replies":[{"embeddable":true,"href":"https:\/\/www.crtmdelpacifico.org\/cvac\/wp-json\/wp\/v2\/comments?post=628"}],"version-history":[{"count":2,"href":"https:\/\/www.crtmdelpacifico.org\/cvac\/wp-json\/wp\/v2\/posts\/628\/revisions"}],"predecessor-version":[{"id":632,"href":"https:\/\/www.crtmdelpacifico.org\/cvac\/wp-json\/wp\/v2\/posts\/628\/revisions\/632"}],"wp:attachment":[{"href":"https:\/\/www.crtmdelpacifico.org\/cvac\/wp-json\/wp\/v2\/media?parent=628"}],"wp:term":[{"taxonomy":"category","embeddable":true,"href":"https:\/\/www.crtmdelpacifico.org\/cvac\/wp-json\/wp\/v2\/categories?post=628"},{"taxonomy":"post_tag","embeddable":true,"href":"https:\/\/www.crtmdelpacifico.org\/cvac\/wp-json\/wp\/v2\/tags?post=628"}],"curies":[{"name":"wp","href":"https:\/\/api.w.org\/{rel}","templated":true}]}}