{"id":321,"date":"2020-02-18T16:55:00","date_gmt":"2020-02-18T21:55:00","guid":{"rendered":"http:\/\/www.crtmdelpacifico.org\/cvac\/?page_id=321"},"modified":"2020-11-19T16:22:12","modified_gmt":"2020-11-19T21:22:12","slug":"inicia-proyecto-de-fortalecimiento-del-sector-aeronautico-del-valle-del-cauca-con-recursos-del-sgr-de-ctei","status":"publish","type":"post","link":"https:\/\/www.crtmdelpacifico.org\/cvac\/inicia-proyecto-de-fortalecimiento-del-sector-aeronautico-del-valle-del-cauca-con-recursos-del-sgr-de-ctei\/","title":{"rendered":"INICIA PROYECTO DE FORTALECIMIENTO DEL SECTOR AERON\u00c1UTICO DEL VALLE DEL CAUCA CON RECURSOS DEL SGR DE CTeI."},"content":{"rendered":"\n<h2 class=\"wp-block-heading\">El CRTM del Pacifico y el Cl\u00faster Aeroespacial del Valle del Cauca, por el fortalecimiento del sector aeron\u00e1utico.<\/h2>\n\n\n\n<div class=\"wp-block-image\"><figure class=\"aligncenter size-full is-resized\"><img loading=\"lazy\" decoding=\"async\" src=\"http:\/\/www.crtmdelpacifico.org\/cvac\/wp-content\/uploads\/2020\/11\/Prototipo-noticia2.jpg\" alt=\"\" class=\"wp-image-614\" width=\"563\" height=\"316\" srcset=\"https:\/\/www.crtmdelpacifico.org\/cvac\/wp-content\/uploads\/2020\/11\/Prototipo-noticia2.jpg 750w, https:\/\/www.crtmdelpacifico.org\/cvac\/wp-content\/uploads\/2020\/11\/Prototipo-noticia2-300x168.jpg 300w\" sizes=\"auto, (max-width: 563px) 100vw, 563px\" \/><\/figure><\/div>\n\n\n\n<p>El pasado mes de enero de 2020, se iniciaron las actividades correspondientes al desarrollo del proyecto. Mediante la integraci\u00f3n de capacidades de la Fundaci\u00f3n Universidad del Valle, La Academia Internacional de Aviaci\u00f3n, el Centro de Desarrollo Tecnol\u00f3gico Metalmec\u00e1nico &#8211; CRTM del Pacifico y dos grupos de Investigaci\u00f3n de la Universidad del Valle y empresas pertenecientes al Cl\u00faster Aeroespacial del Valle del Cauca &#8211; CVAC.<\/p>\n\n\n\n<p>Se adelantar\u00e1n actividades encaminadas a obtener:<\/p>\n\n\n\n<ol class=\"wp-block-list\"><li>Una Organizaci\u00f3n de Dise\u00f1o Aeron\u00e1utico.<\/li><li>Un Prototipo de Aeronave categor\u00eda LSA, construida bajo normatividad nacional e internacional.<\/li><li>Calificar el recurso humano de las empresas asociadas al sector aeron\u00e1utico mediante 5 diplomados.<\/li><li>Realizar una investigaci\u00f3n del sector aeron\u00e1utico y definir posibles escenarios futuros para el desarrollo en el departamento.<\/li><li>Un congreso Internacional para el sector aeron\u00e1utico.<\/li><\/ol>\n\n\n\n<p>Si usted o su empresa est\u00e1n interesados en hacer parte del sector Aeron\u00e1utico del Valle del Cauca, conocer mas del proyecto y beneficiarse de las actividades que se adelantar\u00e1n en el marco del proyecto, por favor diligencie el siguiente formulario.<\/p>\n\n\n\n<p><a href=\"https:\/\/docs.google.com\/forms\/d\/e\/1FAIpQLSeMxhiCdxJg_BW7175sFjS5iBXcKken3QndJHKTz_kCnD469Q\/viewform\">click aqu\u00ed para diligenciar el formulario. Gracias<\/a><\/p>\n","protected":false},"excerpt":{"rendered":"<p>El CRTM del Pacifico y el Cl\u00faster Aeroespacial del Valle del Cauca, por el fortalecimiento del sector aeron\u00e1utico.<\/p>\n<p><img loading=\"lazy\" decoding=\"async\" src=\"http:\/\/www.crtmdelpacifico.org\/cvac\/wp-content\/uploads\/2020\/11\/Prototipo-noticia2.jpg\" alt=\"\" class=\"wp-image-614\" width=\"563\" height=\"316\" srcset=\"https:\/\/www.crtmdelpacifico.org\/cvac\/wp-content\/uploads\/2020\/11\/Prototipo-noticia2.jpg 750w, https:\/\/www.crtmdelpacifico.org\/cvac\/wp-content\/uploads\/2020\/11\/Prototipo-noticia2-300x168.jpg 300w\" sizes=\"auto, (max-width: 563px) 100vw, 563px\" \/><\/p>\n<p>El pasado mes de enero de 2020, se iniciaron las actividades correspondientes al desarrollo del proyecto. Mediante la integraci\u00f3n de capacidades de la Fundaci\u00f3n Universidad del Valle, La Academia Internacional de Aviaci\u00f3n, el Centro de Desarrollo Tecnol\u00f3gico Metalmec\u00e1nico &#8211; CRTM del Pacifico y dos grupos de [&#8230;]<\/p>\n","protected":false},"author":1,"featured_media":0,"comment_status":"closed","ping_status":"closed","sticky":false,"template":"","format":"standard","meta":{"footnotes":""},"categories":[1],"tags":[],"class_list":["post-321","post","type-post","status-publish","format-standard","hentry","category-sin-categoria"],"_links":{"self":[{"href":"https:\/\/www.crtmdelpacifico.org\/cvac\/wp-json\/wp\/v2\/posts\/321","targetHints":{"allow":["GET"]}}],"collection":[{"href":"https:\/\/www.crtmdelpacifico.org\/cvac\/wp-json\/wp\/v2\/posts"}],"about":[{"href":"https:\/\/www.crtmdelpacifico.org\/cvac\/wp-json\/wp\/v2\/types\/post"}],"author":[{"embeddable":true,"href":"https:\/\/www.crtmdelpacifico.org\/cvac\/wp-json\/wp\/v2\/users\/1"}],"replies":[{"embeddable":true,"href":"https:\/\/www.crtmdelpacifico.org\/cvac\/wp-json\/wp\/v2\/comments?post=321"}],"version-history":[{"count":2,"href":"https:\/\/www.crtmdelpacifico.org\/cvac\/wp-json\/wp\/v2\/posts\/321\/revisions"}],"predecessor-version":[{"id":615,"href":"https:\/\/www.crtmdelpacifico.org\/cvac\/wp-json\/wp\/v2\/posts\/321\/revisions\/615"}],"wp:attachment":[{"href":"https:\/\/www.crtmdelpacifico.org\/cvac\/wp-json\/wp\/v2\/media?parent=321"}],"wp:term":[{"taxonomy":"category","embeddable":true,"href":"https:\/\/www.crtmdelpacifico.org\/cvac\/wp-json\/wp\/v2\/categories?post=321"},{"taxonomy":"post_tag","embeddable":true,"href":"https:\/\/www.crtmdelpacifico.org\/cvac\/wp-json\/wp\/v2\/tags?post=321"}],"curies":[{"name":"wp","href":"https:\/\/api.w.org\/{rel}","templated":true}]}}