{"id":315,"date":"2019-12-04T16:44:00","date_gmt":"2019-12-04T21:44:00","guid":{"rendered":"http:\/\/www.crtmdelpacifico.org\/cvac\/?page_id=315"},"modified":"2020-11-18T16:40:40","modified_gmt":"2020-11-18T21:40:40","slug":"recursos-de-regalias-de-ctei-del-valle-del-cauca-para-el-cluster-aeroespacial-del-valle","status":"publish","type":"post","link":"https:\/\/www.crtmdelpacifico.org\/cvac\/recursos-de-regalias-de-ctei-del-valle-del-cauca-para-el-cluster-aeroespacial-del-valle\/","title":{"rendered":"RECURSOS DE REGALIAS DE CTeI DEL VALLE DEL CAUCA PARA EL CLUSTER AEROESPACIAL DEL VALLE."},"content":{"rendered":"\n<h2 class=\"wp-block-heading\">Nuevo impulso al Sector Aeron\u00e1utico del Valle Cauca da la doctora Dilian Francisca Toro, gobernadora del Valle<\/h2>\n\n\n\n<div class=\"wp-block-image\"><figure class=\"aligncenter size-large\"><img loading=\"lazy\" decoding=\"async\" width=\"200\" height=\"276\" src=\"http:\/\/www.crtmdelpacifico.org\/cvac\/wp-content\/uploads\/2020\/07\/Regalias.jpg\" alt=\"\" class=\"wp-image-313\"\/><\/figure><\/div>\n\n\n\n<p>En el OCAD de Ciencia, Tecnolog\u00eda e Innovaci\u00f3n realizado el pasado mes de mayo, fue aprobado para el Valle del Cauca el proyecto titulado &#8220;INVESTIGACI\u00d3N Y DESARROLLO EN EL SECTOR AERON\u00c1UTICO DEL VALLE DEL CAUCA&#8221;. Este proyecto ser\u00e1 ejecutado por el CVAC y el Centro de Desarrollo Tecnol\u00f3gico Metalmec\u00e1nico del Pacifico &#8211; CRTM del Pacifico. Estos recursos llegan al sector por el decidido apoyo e inigualable gesti\u00f3n de la gobernadora del Valle del Cauca y su equipo de trabajo de Regal\u00edas.<\/p>\n\n\n\n<p>El proyecto inicia ejecuci\u00f3n en el pr\u00f3ximo mes de agosto y tendr\u00e1 una duraci\u00f3n de 12 meses. Cuenta con la participaci\u00f3n de 11 empresas del sector, entre ellas 2 fabricantes de aeronaves ultraligeras del Valle del Cauca.<\/p>\n","protected":false},"excerpt":{"rendered":"<p>Nuevo impulso al Sector Aeron\u00e1utico del Valle Cauca da la doctora Dilian Francisca Toro, gobernadora del Valle<\/p>\n<p><img loading=\"lazy\" decoding=\"async\" width=\"200\" height=\"276\" src=\"http:\/\/www.crtmdelpacifico.org\/cvac\/wp-content\/uploads\/2020\/07\/Regalias.jpg\" alt=\"\" class=\"wp-image-313\"\/><\/p>\n<p>En el OCAD de Ciencia, Tecnolog\u00eda e Innovaci\u00f3n realizado el pasado mes de mayo, fue aprobado para el Valle del Cauca el proyecto titulado &#8220;INVESTIGACI\u00d3N Y DESARROLLO EN EL SECTOR AERON\u00c1UTICO DEL VALLE DEL CAUCA&#8221;. Este proyecto ser\u00e1 ejecutado por el CVAC y el Centro de Desarrollo Tecnol\u00f3gico Metalmec\u00e1nico del Pacifico &#8211; CRTM del Pacifico. Estos recursos [&#8230;]<\/p>\n","protected":false},"author":1,"featured_media":0,"comment_status":"closed","ping_status":"closed","sticky":false,"template":"","format":"standard","meta":{"footnotes":""},"categories":[1],"tags":[],"class_list":["post-315","post","type-post","status-publish","format-standard","hentry","category-sin-categoria"],"_links":{"self":[{"href":"https:\/\/www.crtmdelpacifico.org\/cvac\/wp-json\/wp\/v2\/posts\/315","targetHints":{"allow":["GET"]}}],"collection":[{"href":"https:\/\/www.crtmdelpacifico.org\/cvac\/wp-json\/wp\/v2\/posts"}],"about":[{"href":"https:\/\/www.crtmdelpacifico.org\/cvac\/wp-json\/wp\/v2\/types\/post"}],"author":[{"embeddable":true,"href":"https:\/\/www.crtmdelpacifico.org\/cvac\/wp-json\/wp\/v2\/users\/1"}],"replies":[{"embeddable":true,"href":"https:\/\/www.crtmdelpacifico.org\/cvac\/wp-json\/wp\/v2\/comments?post=315"}],"version-history":[{"count":2,"href":"https:\/\/www.crtmdelpacifico.org\/cvac\/wp-json\/wp\/v2\/posts\/315\/revisions"}],"predecessor-version":[{"id":601,"href":"https:\/\/www.crtmdelpacifico.org\/cvac\/wp-json\/wp\/v2\/posts\/315\/revisions\/601"}],"wp:attachment":[{"href":"https:\/\/www.crtmdelpacifico.org\/cvac\/wp-json\/wp\/v2\/media?parent=315"}],"wp:term":[{"taxonomy":"category","embeddable":true,"href":"https:\/\/www.crtmdelpacifico.org\/cvac\/wp-json\/wp\/v2\/categories?post=315"},{"taxonomy":"post_tag","embeddable":true,"href":"https:\/\/www.crtmdelpacifico.org\/cvac\/wp-json\/wp\/v2\/tags?post=315"}],"curies":[{"name":"wp","href":"https:\/\/api.w.org\/{rel}","templated":true}]}}