{"id":301,"date":"2016-09-01T16:33:00","date_gmt":"2016-09-01T21:33:00","guid":{"rendered":"http:\/\/www.crtmdelpacifico.org\/cvac\/?page_id=301"},"modified":"2020-07-08T10:10:14","modified_gmt":"2020-07-08T15:10:14","slug":"el-cluster-aero-espacial-del-valle-del-cauca-firma-importante-convenio-con-el-ministerio-de-defensa-y-la-fuerza-aerea-colombiana","status":"publish","type":"post","link":"https:\/\/www.crtmdelpacifico.org\/cvac\/el-cluster-aero-espacial-del-valle-del-cauca-firma-importante-convenio-con-el-ministerio-de-defensa-y-la-fuerza-aerea-colombiana\/","title":{"rendered":"EL CL\u00daSTER AERO-ESPACIAL DEL VALLE DEL CAUCA FIRMA IMPORTANTE CONVENIO CON EL MINISTERIO DE DEFENSA Y LA FUERZA AEREA COLOMBIANA"},"content":{"rendered":"\n<h2 class=\"wp-block-heading\">Se Fabricar\u00e1n Aeronaves Ultraligeras Certificadas y Partes para Aeronaves del Estado<\/h2>\n\n\n\n<div class=\"wp-block-image\"><figure class=\"aligncenter size-large\"><img loading=\"lazy\" decoding=\"async\" width=\"534\" height=\"235\" src=\"http:\/\/www.crtmdelpacifico.org\/cvac\/wp-content\/uploads\/2020\/07\/GrupoFirma.jpg\" alt=\"\" class=\"wp-image-302\" srcset=\"https:\/\/www.crtmdelpacifico.org\/cvac\/wp-content\/uploads\/2020\/07\/GrupoFirma.jpg 534w, https:\/\/www.crtmdelpacifico.org\/cvac\/wp-content\/uploads\/2020\/07\/GrupoFirma-300x132.jpg 300w\" sizes=\"auto, (max-width: 534px) 100vw, 534px\" \/><\/figure><\/div>\n\n\n\n<p>El pasado martes 30 de agosto se firmo el acta de entrega del convenio suscrito entre el CRTM del Pac\u00edfico, representante del Cluster Aeroespacial del Valle del Cauca, a este solemne acto realizado en la Escuela Militar de Aviaci\u00f3n asistieron entre otras personalidades: El Brigadier General de Aire Fernando Le\u00f3n Losada Montoya, jefe de educaci\u00f3n aeron\u00e1utica de la FAC; El Brigadier General de Aire Sergio Garz\u00f3n V\u00e9lez, director de la Escuela Militar de Aviaci\u00f3n Marco Fidel Suarez; El Ingeniero Carlos Enrique R\u00edos Chaparro, director del Centro Red Tecnologico Metalmecanico del Pac\u00edfico, Centro de Desarrollo Tecnol\u00f3gico para la Industria Metalmec\u00e1nica Nacional; Oficiales representantes de la secci\u00f3n de certificaci\u00f3n aeron\u00e1utica de la defensa, Secad; la doctora Martha Lucia Perlaza directora del Centro Nacional de Productividad; representantes de la Gobernaci\u00f3n del Valle del Cauca, de la alcald\u00eda de Cali y los Gerentes de las empresas Socias del cl\u00faster, Juan Fernando Saray, Javier Francisco Ferrer, Fredy Morcillo, Esmeralda Molina, Adriana Gonzalez, Alberto Caldas, Jefferson Tejada, entre otros.<\/p>\n\n\n\n<p>Este acuerdo permitir\u00e1 darle un nuevo impulso al Cl\u00faster Aeroespacial del Valle del Cauca, que viene levantando vuelo desde el a\u00f1o 2006, como una iniciativa regional y mas firmemente desde el 2012, con viculaci\u00f3n de las empresas al CRTM del Pacif\u00edco.<\/p>\n\n\n\n<p>El Cl\u00faster del Valle del Cauca se encuentra trabajando para consolidar el proyecto para fabricar Aeronaves Ultraligeras certificadas, por la Fuerza Aerea y la Aerocivil, para atender el mercado del continente americano.<\/p>\n\n\n\n<p>Las empresas del Valle del Cauca que tengan la capacidad t\u00e9cnica y que quieran vincularse a esta iniciativa son bienvenidas, solo deben ponerse en contacto con el CRTM del Pacif\u00edco y solicitar informaci\u00f3n para asociarse al Cl\u00faster, deber\u00e1n pasar unas evaluaciones y cumplir algunos requisitos para acceder.<\/p>\n\n\n\n<p><a href=\"..\/media\/NotiFirmaFAC.pdf\">Lea Noticia el Pa\u00ecs de Cali, Agosto 30 de 2016<\/a><\/p>\n\n\n\n<p><a href=\"..\/media\/ConvioFAC 2016.pdf\">Convenio CRTMDP &#8211; FAC<\/a><\/p>\n","protected":false},"excerpt":{"rendered":"<p>Se Fabricar\u00e1n Aeronaves Ultraligeras Certificadas y Partes para Aeronaves del Estado<\/p>\n<p><img loading=\"lazy\" decoding=\"async\" width=\"534\" height=\"235\" src=\"http:\/\/www.crtmdelpacifico.org\/cvac\/wp-content\/uploads\/2020\/07\/GrupoFirma.jpg\" alt=\"\" class=\"wp-image-302\" srcset=\"https:\/\/www.crtmdelpacifico.org\/cvac\/wp-content\/uploads\/2020\/07\/GrupoFirma.jpg 534w, https:\/\/www.crtmdelpacifico.org\/cvac\/wp-content\/uploads\/2020\/07\/GrupoFirma-300x132.jpg 300w\" sizes=\"auto, (max-width: 534px) 100vw, 534px\" \/><\/p>\n<p>El pasado martes 30 de agosto se firmo el acta de entrega del convenio suscrito entre el CRTM del Pac\u00edfico, representante del Cluster Aeroespacial del Valle del Cauca, a este solemne acto realizado en la Escuela Militar de Aviaci\u00f3n asistieron entre otras personalidades: El Brigadier General de Aire Fernando Le\u00f3n Losada Montoya, jefe [&#8230;]<\/p>\n","protected":false},"author":1,"featured_media":0,"comment_status":"closed","ping_status":"closed","sticky":false,"template":"","format":"standard","meta":{"footnotes":""},"categories":[],"tags":[],"class_list":["post-301","post","type-post","status-publish","format-standard","hentry"],"_links":{"self":[{"href":"https:\/\/www.crtmdelpacifico.org\/cvac\/wp-json\/wp\/v2\/posts\/301","targetHints":{"allow":["GET"]}}],"collection":[{"href":"https:\/\/www.crtmdelpacifico.org\/cvac\/wp-json\/wp\/v2\/posts"}],"about":[{"href":"https:\/\/www.crtmdelpacifico.org\/cvac\/wp-json\/wp\/v2\/types\/post"}],"author":[{"embeddable":true,"href":"https:\/\/www.crtmdelpacifico.org\/cvac\/wp-json\/wp\/v2\/users\/1"}],"replies":[{"embeddable":true,"href":"https:\/\/www.crtmdelpacifico.org\/cvac\/wp-json\/wp\/v2\/comments?post=301"}],"version-history":[{"count":1,"href":"https:\/\/www.crtmdelpacifico.org\/cvac\/wp-json\/wp\/v2\/posts\/301\/revisions"}],"predecessor-version":[{"id":303,"href":"https:\/\/www.crtmdelpacifico.org\/cvac\/wp-json\/wp\/v2\/posts\/301\/revisions\/303"}],"wp:attachment":[{"href":"https:\/\/www.crtmdelpacifico.org\/cvac\/wp-json\/wp\/v2\/media?parent=301"}],"wp:term":[{"taxonomy":"category","embeddable":true,"href":"https:\/\/www.crtmdelpacifico.org\/cvac\/wp-json\/wp\/v2\/categories?post=301"},{"taxonomy":"post_tag","embeddable":true,"href":"https:\/\/www.crtmdelpacifico.org\/cvac\/wp-json\/wp\/v2\/tags?post=301"}],"curies":[{"name":"wp","href":"https:\/\/api.w.org\/{rel}","templated":true}]}}