{"id":299,"date":"2016-09-01T16:33:00","date_gmt":"2016-09-01T21:33:00","guid":{"rendered":"http:\/\/www.crtmdelpacifico.org\/cvac\/?page_id=299"},"modified":"2020-07-08T10:12:11","modified_gmt":"2020-07-08T15:12:11","slug":"se-inicia-el-proceso-de-fortalecimiento-de-las-capacidades-de-innovacion-de-las-empresas-del-cluster-aeroespacial-del-valle-del-cauca","status":"publish","type":"post","link":"https:\/\/www.crtmdelpacifico.org\/cvac\/se-inicia-el-proceso-de-fortalecimiento-de-las-capacidades-de-innovacion-de-las-empresas-del-cluster-aeroespacial-del-valle-del-cauca\/","title":{"rendered":"SE INICIA EL PROCESO DE FORTALECIMIENTO DE LAS CAPACIDADES DE INNOVACI\u00d3N DE LAS EMPRESAS DEL CL\u00daSTER AEROESPACIAL DEL VALLE DEL CAUCA"},"content":{"rendered":"\n<h2 class=\"wp-block-heading\">EVALUACI\u00d3N DE LAS CAPACIDADES DE INNOVACI\u00d3N DE LAS EMPRESAS DEL CL\u00daSTER AEROESPACIAL DEL VALLE DEL CAUCA QUE PERMITA LA IDENTIFICACI\u00d3N DE LOS FACTORES CLAVES DE \u00c9XITO<\/h2>\n\n\n\n<p>En Alianza entre la Escuela Militar de Aviaci\u00f3n a trav\u00e9s del programa de Administraci\u00f3n Aeron\u00e1utica y el Cl\u00faster Aeroespacial del Valle del Cauca, se est\u00e1n desarrollando investigaciones sobre el desarrollo del Cl\u00faster Aeroespacial del Valle del Cauca con el fin de analizar sus capacidades para ello se est\u00e1 realizando el trabajo titulado \u201cEVALUACI\u00d3N DE LAS CAPACIDADES DE INNOVACI\u00d3N DE LAS EMPRESAS DEL CL\u00daSTER AEROESPACIAL DEL VALLE DEL CAUCA QUE PERMITA LA IDENTIFICACI\u00d3N DE LOS FACTORES CLAVES DE \u00c9XITO\u201d, proyecto liderado por el docente Diego Fernando Morante Granobles.<\/p>\n\n\n\n<p>De acuerdo a lo anterior queremos que usted participe en este proyecto respondiendo el siguiente cuestionario el cual es de entera confidencialidad y una vez concluido los resultados le ser\u00e1n socializados.<\/p>\n\n\n\n<p><a href=\"https:\/\/docs.google.com\/forms\/d\/e\/1FAIpQLScY5q2DVwabXZ_jEmxA-8J9TWp2CBqJAIfvwh80HuQbW856Sg\/viewform?c=0&amp;w=1&amp;usp=mail_form_link\">click aqu\u00ed para dar sus respuestas y apoyar este proceso, CAPACIDADES DE INNOVACI\u00d3N.<\/a><\/p>\n\n\n\n<p><a href=\"https:\/\/docs.google.com\/forms\/d\/e\/1FAIpQLSfsfJuNDx9baJdg4knbWEQ5sXvZ1DH2rsJXX1zb6jZwJhS9ug\/formResponse\">click aqu\u00ed para dar sus respuestas y apoyar este proceso, CAPACIDADES DE GESTI\u00d3N TECNOL\u00d3GICA.<\/a><\/p>\n\n\n\n<p><a href=\"https:\/\/docs.google.com\/forms\/d\/e\/1FAIpQLSdBdBm89UC69smmaRLx8-NmFmcCqO396cpnty2oA6_d4b3a9A\/viewform?c=0&amp;w=1\">click aqu\u00ed para dar sus respuestas y apoyar este proceso, CAPACIDADES DE GESTI\u00d3N COMPETITIVA.<\/a><\/p>\n\n\n\n<p>Agradecemos su tiempo y aporte.<\/p>\n\n\n\n<p>ATT<br>CARLOS E RIOS<br>Director CRTM del Pac\u00edfico<\/p>\n\n\n\n<p>DIEGO MORANTES<br>Escuela Militar de Aviaci\u00f3n.<\/p>\n","protected":false},"excerpt":{"rendered":"<p>EVALUACI\u00d3N DE LAS CAPACIDADES DE INNOVACI\u00d3N DE LAS EMPRESAS DEL CL\u00daSTER AEROESPACIAL DEL VALLE DEL CAUCA QUE PERMITA LA IDENTIFICACI\u00d3N DE LOS FACTORES CLAVES DE \u00c9XITO<\/p>\n<p>En Alianza entre la Escuela Militar de Aviaci\u00f3n a trav\u00e9s del programa de Administraci\u00f3n Aeron\u00e1utica y el Cl\u00faster Aeroespacial del Valle del Cauca, se est\u00e1n desarrollando investigaciones sobre el desarrollo del Cl\u00faster Aeroespacial del Valle del Cauca con el fin de analizar sus capacidades para ello se est\u00e1 realizando el trabajo titulado \u201cEVALUACI\u00d3N DE LAS [&#8230;]<\/p>\n","protected":false},"author":1,"featured_media":0,"comment_status":"closed","ping_status":"closed","sticky":false,"template":"","format":"standard","meta":{"footnotes":""},"categories":[],"tags":[],"class_list":["post-299","post","type-post","status-publish","format-standard","hentry"],"_links":{"self":[{"href":"https:\/\/www.crtmdelpacifico.org\/cvac\/wp-json\/wp\/v2\/posts\/299","targetHints":{"allow":["GET"]}}],"collection":[{"href":"https:\/\/www.crtmdelpacifico.org\/cvac\/wp-json\/wp\/v2\/posts"}],"about":[{"href":"https:\/\/www.crtmdelpacifico.org\/cvac\/wp-json\/wp\/v2\/types\/post"}],"author":[{"embeddable":true,"href":"https:\/\/www.crtmdelpacifico.org\/cvac\/wp-json\/wp\/v2\/users\/1"}],"replies":[{"embeddable":true,"href":"https:\/\/www.crtmdelpacifico.org\/cvac\/wp-json\/wp\/v2\/comments?post=299"}],"version-history":[{"count":1,"href":"https:\/\/www.crtmdelpacifico.org\/cvac\/wp-json\/wp\/v2\/posts\/299\/revisions"}],"predecessor-version":[{"id":300,"href":"https:\/\/www.crtmdelpacifico.org\/cvac\/wp-json\/wp\/v2\/posts\/299\/revisions\/300"}],"wp:attachment":[{"href":"https:\/\/www.crtmdelpacifico.org\/cvac\/wp-json\/wp\/v2\/media?parent=299"}],"wp:term":[{"taxonomy":"category","embeddable":true,"href":"https:\/\/www.crtmdelpacifico.org\/cvac\/wp-json\/wp\/v2\/categories?post=299"},{"taxonomy":"post_tag","embeddable":true,"href":"https:\/\/www.crtmdelpacifico.org\/cvac\/wp-json\/wp\/v2\/tags?post=299"}],"curies":[{"name":"wp","href":"https:\/\/api.w.org\/{rel}","templated":true}]}}